{"id":19623,"date":"2025-10-08T14:50:48","date_gmt":"2025-10-08T12:50:48","guid":{"rendered":"https:\/\/o-seznam.cz\/kariera\/476833-redaktor-editor-rubriky-krimi\/"},"modified":"2026-04-29T09:01:20","modified_gmt":"2026-04-29T07:01:20","slug":"476833-redaktor-editor-rubriky-krimi","status":"publish","type":"post","link":"https:\/\/o-seznam.cz\/kariera\/476833-redaktor-editor-rubriky-krimi\/","title":{"rendered":"Redaktor a editor rubriky krimi"},"content":{"rendered":"<p>Pro n\u00e1\u0161 webov\u00fd server <a class=\"is-style-link-external\" href=\"http:\/\/Novinky.cz\" target=\"_blank\">Novinky.cz<\/a>\u00a0 hled\u00e1me redaktora\/editora do rubriky krimi.<\/p>\n<p>Z\u00edskejte stabiln\u00ed z\u00e1zem\u00ed, p\u0159ij\u010fte do inspiruj\u00edc\u00edho prost\u0159ed\u00ed a sta\u0148te se sou\u010d\u00e1st\u00ed nej\u010dten\u011bj\u0161\u00edch m\u00e9di\u00ed s velk\u00fdm dosahem a re\u00e1ln\u00fdm dopadem.<\/p>\n<hr>\n<h2>V jak\u00e9m t\u00fdmu budete pracovat a na co se m\u016f\u017eete t\u011b\u0161it vy<\/h2>\n<ul>\n<li>T\u00fdm tvo\u0159\u00ed edito\u0159i a redakto\u0159i se zam\u011b\u0159en\u00edm na krimi. Maj\u00ed r\u016fzn\u011b dlouhou a bohatou zku\u0161enost s tvorbou zpravodajstv\u00ed pro Novinky a Pr\u00e1vo, ve sv\u00fdch oborech jsou ka\u017edop\u00e1dn\u011b \u0161pi\u010dkov\u00fdmi profesion\u00e1ly.<\/li>\n<li>Pro cel\u00fd t\u00fdm je charakteristick\u00e1 kolegi\u00e1ln\u00ed spolupr\u00e1ce, p\u0159\u00e1telsk\u00e9 vztahy a p\u0159\u00edjemn\u00e1 atmosf\u00e9ra. Jeho ambic\u00ed je d\u00edky n\u00e1pad\u016fm a neot\u0159el\u00e9mu p\u0159\u00edstupu nab\u00edzet \u010dten\u00e1\u0159\u016fm nejlep\u0161\u00ed informace a servis ve slo\u017eit\u00e9 dob\u011b.<\/li>\n<li>T\u011bmito charakteristikami a p\u0159\u00edstupy se vyzna\u010duj\u00ed i dal\u0161\u00ed odd\u011blen\u00ed cel\u00e9 redakce (dom\u00e1c\u00ed, region\u00e1ln\u00ed, zahrani\u010dn\u00ed, p\u0159\u00edlohy\u2026).<\/li>\n<li>P\u0159\u00edle\u017eitost pracovat pro nej\u010dten\u011bj\u0161\u00ed zpravodajsk\u00fd web v\u00a0\u010cesk\u00e9 republice.<\/li>\n<li>Mo\u017enost kreativn\u011b p\u0159isp\u00edvat k tvorb\u011b jedine\u010dn\u00e9ho obsahu.<\/li>\n<li>Spolupr\u00e1ci s t\u00fdmem odborn\u00edk\u016f.<\/li>\n<li>Spolupr\u00e1ci na HPP na zam\u011bstnaneck\u00fd pom\u011br.<\/li>\n<\/ul>\n<hr>\n<h2>Co budete d\u011blat a koho hled\u00e1me<\/h2>\n<ul>\n<li>\n<p>V\u011bnovat se budete tvorb\u011b \u010dl\u00e1nk\u016f z\u00a0oblasti krimi v\u00a0centr\u00e1ln\u00ed redakci Novinek v\u00a0Praze (Vinohrady).<\/p>\n<\/li>\n<li>Editace \u010dl\u00e1nk\u016f v\u00a0oblasti krimi.<\/li>\n<li>Nemine v\u00e1s spolupr\u00e1ce s\u00a0krajsk\u00fdmi redaktory.<\/li>\n<li>Je pot\u0159eba komunikovat se z\u00e1chran\u00e1\u0159i, polici\u00ed a hasi\u010di.<\/li>\n<li>Pokud zvl\u00e1d\u00e1te komunikaci v\u00a0anglick\u00e9m nebo jin\u00e9m ciz\u00edm jazyku bude to pro v\u00e1s obrovsk\u00e1 v\u00fdhoda.<\/li>\n<li>Hled\u00e1me vyzr\u00e1l\u00e9ho \u010dlov\u011bka, kter\u00fd m\u00e1 zku\u0161enosti s\u00a0redak\u010dn\u00ed prac\u00ed v\u00a0oblasti krimi a zpravodajstv\u00ed.<\/li>\n<li>Komunikativn\u00ed a t\u00fdmov\u011b orientovanou osobnost.<\/li>\n<li>Schopnost pracovat pod tlakem a dodr\u017eovat pevn\u00e9 term\u00edny.<\/li>\n<\/ul>\n<h2>Jak prob\u00edh\u00e1 v\u00fdb\u011brov\u00e9 \u0159\u00edzen\u00ed<\/h2>\n<ul>\n<li>\n<p>Jakmile k n\u00e1m doraz\u00ed va\u0161e CV Karol\u00edna se v\u00e1m ozve nejpozd\u011bji do t\u0159\u00ed pracovn\u00edch dn\u016f s jak\u00fdmkoliv v\u00fdsledkem.<\/p>\n<\/li>\n<li>Na ka\u017ed\u00e9m CV si d\u00e1v\u00e1me pe\u010dliv\u011b z\u00e1le\u017eet a vyhodnocujeme je s hiring mana\u017eerem.<\/li>\n<li>N\u00e1sledn\u011b se v\u00e1m ozveme, abychom si doplnili vz\u00e1jemn\u00e9 o\u010dek\u00e1van\u00ed a va\u0161e pracovn\u00ed preference.<\/li>\n<li>Pokud to d\u00e1v\u00e1 smysl uvid\u00edme se na osobn\u00ed sch\u016fzce u n\u00e1s v kancel\u00e1\u0159i v Borgisu i s mana\u017eerem M\u00edrou. Pohovor je veden formou diskuse.<\/li>\n<li>V p\u0159\u00edpad\u011b, \u017ee si hezky v\u0161echno sedne p\u0159iprav\u00edme v\u00e1m pracovn\u00ed nab\u00eddku. A je to tady, pl\u00e1cneme si a vy se m\u016f\u017eete t\u011b\u0161it na prv\u00fd pracovn\u00ed den.<\/li>\n<li>Pokud v\u00e1s nab\u00eddka zaujala, budeme se t\u011b\u0161it na\u00a0<strong>CV\u00a0<\/strong>spole\u010dn\u011b s<strong>\u00a0motiva\u010dn\u00edm dopisem<\/strong>\u00a0(p\u0159\u00edpadn\u011b s odkazy na va\u0161i pr\u00e1ci\/portfolio).<\/li>\n<\/ul>\n","protected":false},"excerpt":{"rendered":"<p>Pro n\u00e1\u0161 webov\u00fd server Novinky.cz\u00a0 hled\u00e1me redaktora\/editora do rubriky krimi. Z\u00edskejte stabiln\u00ed z\u00e1zem\u00ed, p\u0159ij\u010fte do inspiruj\u00edc\u00edho prost\u0159ed\u00ed a sta\u0148te se sou\u010d\u00e1st\u00ed nej\u010dten\u011bj\u0161\u00edch m\u00e9di\u00ed s velk\u00fdm dosahem a re\u00e1ln\u00fdm dopadem. V jak\u00e9m t\u00fdmu budete pracovat a na co se m\u016f\u017eete t\u011b\u0161it vy T\u00fdm tvo\u0159\u00ed edito\u0159i a redakto\u0159i se zam\u011b\u0159en\u00edm na krimi. Maj\u00ed r\u016fzn\u011b dlouhou a bohatou [&hellip;]<\/p>\n","protected":false},"author":0,"featured_media":0,"comment_status":"closed","ping_status":"","sticky":false,"template":"","format":"standard","meta":{"_acf_changed":false,"_relevanssi_hide_post":"","_relevanssi_hide_content":"","_relevanssi_pin_for_all":"","_relevanssi_pin_keywords":"","_relevanssi_unpin_keywords":"","_relevanssi_related_keywords":"","_relevanssi_related_include_ids":"","_relevanssi_related_exclude_ids":"","_relevanssi_related_no_append":"","_relevanssi_related_not_related":"","_relevanssi_related_posts":"","_relevanssi_noindex_reason":"","footnotes":""},"categories":[241],"tags":[58],"location":[19],"technology":[],"landing_category":[245,171,143],"class_list":["post-19623","post","type-post","status-publish","format-standard","hentry","category-pr-marketing-a-media","tag-plny-uvazek"],"acf":[],"_links":{"self":[{"href":"https:\/\/o-seznam.cz\/kariera\/wp-json\/wp\/v2\/posts\/19623","targetHints":{"allow":["GET"]}}],"collection":[{"href":"https:\/\/o-seznam.cz\/kariera\/wp-json\/wp\/v2\/posts"}],"about":[{"href":"https:\/\/o-seznam.cz\/kariera\/wp-json\/wp\/v2\/types\/post"}],"replies":[{"embeddable":true,"href":"https:\/\/o-seznam.cz\/kariera\/wp-json\/wp\/v2\/comments?post=19623"}],"version-history":[{"count":5,"href":"https:\/\/o-seznam.cz\/kariera\/wp-json\/wp\/v2\/posts\/19623\/revisions"}],"predecessor-version":[{"id":20351,"href":"https:\/\/o-seznam.cz\/kariera\/wp-json\/wp\/v2\/posts\/19623\/revisions\/20351"}],"wp:attachment":[{"href":"https:\/\/o-seznam.cz\/kariera\/wp-json\/wp\/v2\/media?parent=19623"}],"wp:term":[{"taxonomy":"category","embeddable":true,"href":"https:\/\/o-seznam.cz\/kariera\/wp-json\/wp\/v2\/categories?post=19623"},{"taxonomy":"post_tag","embeddable":true,"href":"https:\/\/o-seznam.cz\/kariera\/wp-json\/wp\/v2\/tags?post=19623"},{"taxonomy":"location","embeddable":true,"href":"https:\/\/o-seznam.cz\/kariera\/wp-json\/wp\/v2\/location?post=19623"},{"taxonomy":"technology","embeddable":true,"href":"https:\/\/o-seznam.cz\/kariera\/wp-json\/wp\/v2\/technology?post=19623"},{"taxonomy":"landing_category","embeddable":true,"href":"https:\/\/o-seznam.cz\/kariera\/wp-json\/wp\/v2\/landing_category?post=19623"}],"curies":[{"name":"wp","href":"https:\/\/api.w.org\/{rel}","templated":true}]}}