{"id":16075,"date":"2024-03-22T13:22:24","date_gmt":"2024-03-22T12:22:24","guid":{"rendered":"https:\/\/o-seznam.cz\/kariera\/448307-redaktor-domaci-rubriky\/"},"modified":"2026-04-29T12:10:20","modified_gmt":"2026-04-29T10:10:20","slug":"448307-redaktor-domaci-rubriky","status":"publish","type":"post","link":"https:\/\/o-seznam.cz\/kariera\/448307-redaktor-domaci-rubriky\/","title":{"rendered":"Redaktor dom\u00e1c\u00ed rubriky"},"content":{"rendered":"<p>Pro server <strong>Novinky a den\u00edk Pr\u00e1vo<\/strong> hled\u00e1me redaktora se zam\u011b\u0159en\u00edm na dom\u00e1c\u00ed zpravodajstv\u00ed.<\/p>\n<p>Z\u00edskejte stabiln\u00ed z\u00e1zem\u00ed, p\u0159ij\u010fte do inspiruj\u00edc\u00edho prost\u0159ed\u00ed a sta\u0148te se sou\u010d\u00e1st\u00ed nej\u010dten\u011bj\u0161\u00edch m\u00e9di\u00ed s velk\u00fdm dosahem a re\u00e1ln\u00fdm dopadem.<\/p>\n<hr>\n<h2>V jak\u00e9m t\u00fdmu budete pracovat a na co se m\u016f\u017eete t\u011b\u0161it vy<\/h2>\n<ul>\n<li>T\u00fdm tvo\u0159\u00ed report\u00e9rky a report\u00e9\u0159i se zam\u011b\u0159en\u00edm na politiku, vzd\u011bl\u00e1v\u00e1n\u00ed, zdravotnictv\u00ed, bezpe\u010dnost, obranu, spravedlnost, kriminalitu, soci\u00e1ln\u00ed ot\u00e1zky a dal\u0161\u00ed \u010d\u00e1sti \u017eivota spole\u010dnosti. Maj\u00ed r\u016fzn\u011b dlouho a bohatou zku\u0161enost s\u00a0tvorbou zpravodajstv\u00ed pro Novinky a Pr\u00e1vo, ve sv\u00fdch oborech jsou ka\u017edop\u00e1dn\u011b \u0161pi\u010dkov\u00fdmi profesion\u00e1ly.<\/li>\n<li>Pro cel\u00fd t\u00fdm je charakteristick\u00e1 kolegi\u00e1ln\u00ed spolupr\u00e1ce, p\u0159\u00e1telsk\u00e9 vztahy a p\u0159\u00edjemn\u00e1 atmosf\u00e9ra. Jeho ambic\u00ed je d\u00edky n\u00e1pad\u016fm a neot\u0159el\u00e9mu p\u0159\u00edstupu nab\u00edzet \u010dten\u00e1\u0159\u016fm nejlep\u0161\u00ed informace a servis ve slo\u017eit\u00e9 dob\u011b.<\/li>\n<li>T\u011bmito charakteristikami a p\u0159\u00edstupy se vyzna\u010duj\u00ed i dal\u0161\u00ed odd\u011blen\u00ed cel\u00e9 redakce (ekonomick\u00e9, region\u00e1ln\u00ed, zahrani\u010dn\u00ed, p\u0159\u00edlohy&#8230;).<\/li>\n<li>P\u0159\u00edle\u017eitost pracovat pro nej\u010dten\u011bj\u0161\u00ed zpravodajsk\u00fd web v\u00a0\u010cesk\u00e9 republice.<\/li>\n<li>Mo\u017enost kreativn\u011b p\u0159isp\u00edvat k tvorb\u011b jedine\u010dn\u00e9ho obsahu.<\/li>\n<li>Spolupr\u00e1ci s t\u00fdmem odborn\u00edk\u016f.<\/li>\n<li>Spolupr\u00e1ci na HPP na zam\u011bstnaneck\u00fd pom\u011br.<\/li>\n<\/ul>\n<hr>\n<h2>Co budete d\u011blat a koho hled\u00e1me<\/h2>\n<ul>\n<li>Tvo\u0159it zpravodajstv\u00ed o d\u011bn\u00ed v \u010cesk\u00e9 republice (politika, \u0161kolstv\u00ed, obrana, policie, soudy, zdravotnictv\u00ed, p\u0159\u00edb\u011bhy, aktu\u00e1ln\u00ed d\u011bn\u00ed a dal\u0161\u00ed) podle zam\u011b\u0159en\u00ed (p\u0159echoz\u00ed zku\u0161enosti).<\/li>\n<li>P\u0159in\u00e1\u0161et n\u00e1pady, n\u00e1m\u011bty, tipy na zpravodajstv\u00ed ze sv\u00e9ho oboru a diskutovat o nich s vedouc\u00edm a editory.<\/li>\n<li>Vytv\u00e1\u0159et aktu\u00e1ln\u00ed atraktivn\u00ed, v\u011bcn\u011b spr\u00e1vn\u00e9, stylisticky kvalitn\u00ed texty (p\u0159edev\u0161\u00edm zpr\u00e1vy a rozhovory).<\/li>\n<li><strong>Pozice je vhodn\u00e1 pro absolventy V\u0160 a<\/strong><strong> velk\u00e1 v\u00fdhoda je jak\u00e1koliv praxe v\u00a0m\u00e9di\u00edch &#8211; ve zpravodajstv\u00ed.<\/strong><\/li>\n<li>Pokud zvl\u00e1d\u00e1te komunikovat v anglick\u00e9m nebo jin\u00e9m ciz\u00edm jazyku bude to pro v\u00e1s ur\u010dit\u011b plus.<\/li>\n<li>Komunikativn\u00ed a t\u00fdmov\u011b orientovanou osobnost.<\/li>\n<li>Schopnost pracovat pod tlakem a dodr\u017eovat pevn\u00e9 term\u00edny.<\/li>\n<\/ul>\n<h2>Jak prob\u00edh\u00e1 v\u00fdb\u011brov\u00e9 \u0159\u00edzen\u00ed<\/h2>\n<ul>\n<li>\n<p>Jakmile k n\u00e1m doraz\u00ed va\u0161e CV, Karol\u00edna se v\u00e1m ozve nejpozd\u011bji do t\u0159\u00ed pracovn\u00edch dn\u016f s jak\u00fdmkoliv v\u00fdsledkem.<\/p>\n<\/li>\n<li>Na ka\u017ed\u00e9m CV si d\u00e1v\u00e1me pe\u010dliv\u011b z\u00e1le\u017eet a vyhodnocujeme je s hiring mana\u017eerem.<\/li>\n<li>N\u00e1sledn\u011b se v\u00e1m ozveme, abychom si doplnili vz\u00e1jemn\u00e1 o\u010dek\u00e1van\u00ed a va\u0161e pracovn\u00ed preference.<\/li>\n<li>Pokud to d\u00e1v\u00e1 smysl, uvid\u00edme se na osobn\u00ed sch\u016fzce u n\u00e1s v kancel\u00e1\u0159i v Borgisu i s mana\u017eerem Petrem. Pohovor je veden formou diskuse. Pokud aktu\u00e1ln\u011b hled\u00e1me do t\u00fdmu juniorn\u011bj\u0161\u00ed kolegy, m\u016f\u017eete o\u010dek\u00e1vat praktick\u00fd \u00fakol.<\/li>\n<li>V p\u0159\u00edpad\u011b, \u017ee si hezky v\u0161echno sedne, p\u0159iprav\u00edme v\u00e1m pracovn\u00ed nab\u00eddku. A je to tady, pl\u00e1cneme si a vy se m\u016f\u017eete t\u011b\u0161it na prvn\u00ed pracovn\u00ed den.<\/li>\n<\/ul>\n","protected":false},"excerpt":{"rendered":"<p>Pro server Novinky a den\u00edk Pr\u00e1vo hled\u00e1me redaktora se zam\u011b\u0159en\u00edm na dom\u00e1c\u00ed zpravodajstv\u00ed. Z\u00edskejte stabiln\u00ed z\u00e1zem\u00ed, p\u0159ij\u010fte do inspiruj\u00edc\u00edho prost\u0159ed\u00ed a sta\u0148te se sou\u010d\u00e1st\u00ed nej\u010dten\u011bj\u0161\u00edch m\u00e9di\u00ed s velk\u00fdm dosahem a re\u00e1ln\u00fdm dopadem. V jak\u00e9m t\u00fdmu budete pracovat a na co se m\u016f\u017eete t\u011b\u0161it vy T\u00fdm tvo\u0159\u00ed report\u00e9rky a report\u00e9\u0159i se zam\u011b\u0159en\u00edm na politiku, vzd\u011bl\u00e1v\u00e1n\u00ed, zdravotnictv\u00ed, [&hellip;]<\/p>\n","protected":false},"author":0,"featured_media":0,"comment_status":"closed","ping_status":"","sticky":false,"template":"","format":"standard","meta":{"_acf_changed":false,"_relevanssi_hide_post":"","_relevanssi_hide_content":"","_relevanssi_pin_for_all":"","_relevanssi_pin_keywords":"","_relevanssi_unpin_keywords":"","_relevanssi_related_keywords":"","_relevanssi_related_include_ids":"","_relevanssi_related_exclude_ids":"","_relevanssi_related_no_append":"","_relevanssi_related_not_related":"","_relevanssi_related_posts":"","_relevanssi_noindex_reason":"","footnotes":""},"categories":[241],"tags":[46,58],"location":[19],"technology":[],"landing_category":[245,286,171,143],"class_list":["post-16075","post","type-post","status-publish","format-standard","hentry","category-pr-marketing-a-media","tag-absolventi","tag-plny-uvazek"],"acf":[],"_links":{"self":[{"href":"https:\/\/o-seznam.cz\/kariera\/wp-json\/wp\/v2\/posts\/16075","targetHints":{"allow":["GET"]}}],"collection":[{"href":"https:\/\/o-seznam.cz\/kariera\/wp-json\/wp\/v2\/posts"}],"about":[{"href":"https:\/\/o-seznam.cz\/kariera\/wp-json\/wp\/v2\/types\/post"}],"replies":[{"embeddable":true,"href":"https:\/\/o-seznam.cz\/kariera\/wp-json\/wp\/v2\/comments?post=16075"}],"version-history":[{"count":11,"href":"https:\/\/o-seznam.cz\/kariera\/wp-json\/wp\/v2\/posts\/16075\/revisions"}],"predecessor-version":[{"id":20379,"href":"https:\/\/o-seznam.cz\/kariera\/wp-json\/wp\/v2\/posts\/16075\/revisions\/20379"}],"wp:attachment":[{"href":"https:\/\/o-seznam.cz\/kariera\/wp-json\/wp\/v2\/media?parent=16075"}],"wp:term":[{"taxonomy":"category","embeddable":true,"href":"https:\/\/o-seznam.cz\/kariera\/wp-json\/wp\/v2\/categories?post=16075"},{"taxonomy":"post_tag","embeddable":true,"href":"https:\/\/o-seznam.cz\/kariera\/wp-json\/wp\/v2\/tags?post=16075"},{"taxonomy":"location","embeddable":true,"href":"https:\/\/o-seznam.cz\/kariera\/wp-json\/wp\/v2\/location?post=16075"},{"taxonomy":"technology","embeddable":true,"href":"https:\/\/o-seznam.cz\/kariera\/wp-json\/wp\/v2\/technology?post=16075"},{"taxonomy":"landing_category","embeddable":true,"href":"https:\/\/o-seznam.cz\/kariera\/wp-json\/wp\/v2\/landing_category?post=16075"}],"curies":[{"name":"wp","href":"https:\/\/api.w.org\/{rel}","templated":true}]}}